{"id":5924,"date":"2026-08-14T16:04:07","date_gmt":"2026-08-14T14:04:07","guid":{"rendered":"https:\/\/chodnikkorunamistromov.sk\/?p=5924\/"},"modified":"2026-08-18T12:04:57","modified_gmt":"2026-08-18T10:04:57","slug":"najdluzszy-tor-bobslejowy-w-tatrach-powraca-otwieramy-zrekonstruowana-adrenalinowa-atrakcje-i-zupelnie-nowy-tor-kulkowy","status":"publish","type":"post","link":"https:\/\/chodnikkorunamistromov.sk\/pl\/najdluzszy-tor-bobslejowy-w-tatrach-powraca-otwieramy-zrekonstruowana-adrenalinowa-atrakcje-i-zupelnie-nowy-tor-kulkowy\/","title":{"rendered":"Najd\u0142u\u017cszy tor bobslejowy w Tatrach powraca! Otwieramy zrekonstruowan\u0105 adrenalinow\u0105 atrakcj\u0119 i zupe\u0142nie nowy Tor Kulkowy"},"content":{"rendered":"<h4 style=\"text-align: center;\"><strong><span style=\"color: #000080;\">Mamy \u015bwietne wiadomo\u015bci dla wszystkich mi\u0142o\u015bnik\u00f3w g\u00f3rskiej adrenaliny i rodzinnej zabawy. Po gruntownej przebudowie, 8 sierpnia 2026 roku uroczy\u015bcie otwarto najd\u0142u\u017cszy <a href=\"https:\/\/bachledka.sk\/pl\/bobova-draha\" target=\"_blank\" rel=\"noopener noreferrer\">tor bobslejowy<\/a> w Tatrach. Odwiedzaj\u0105cy mog\u0105 liczy\u0107 na jeszcze d\u0142u\u017csz\u0105 i bardziej dynamiczn\u0105 jazd\u0119, pe\u0142n\u0105 niezapomnianych wra\u017ce\u0144. Atrakcj\u0119 t\u0119 uzupe\u0142nia kolejna letnia nowo\u015b\u0107 \u2013 radosny 100-metrowy Tor Kulkowy dla najm\u0142odszych go\u015bci.<\/span><\/strong><\/h4>\n<h4><\/h4>\n<h3 style=\"text-align: center;\" data-path-to-node=\"1\"><span style=\"color: #000080;\">Specjalna poranna promocja: Przejazd torem bobslejowym tylko za 9 \u20ac!<\/span><\/h3>\n<p style=\"text-align: center;\" data-path-to-node=\"2\">Rozpocznij sw\u00f3j dzie\u0144 w o\u015brodku od sporej dawki zabawy! <span style=\"color: #000080;\"><strong>Przygotowali\u015bmy dla Ciebie ekskluzywn\u0105 porann\u0105 ofert\u0119,<\/strong><\/span> dzi\u0119ki kt\u00f3rej <span style=\"color: #000080;\"><strong>mo\u017cesz cieszy\u0107 si\u0119 1 przejazdem na naszym torze bobslejowym w specjalnej cenie zaledwie 9 \u20ac.<\/strong><\/span> Ta promocja jest dost\u0119pna absolutnie dla ka\u017cdego. Wystarczy przyj\u015b\u0107 z samego rana i cieszy\u0107 si\u0119 wspania\u0142\u0105 jazd\u0105!<\/p>\n<h4 data-path-to-node=\"2\"><\/h4>\n<p style=\"text-align: center;\" data-path-to-node=\"4,0,0\">Ten promocyjny bilet przeznaczony jest wy\u0142\u0105cznie dla rannych ptaszk\u00f3w, a jego wa\u017cno\u015b\u0107 na przejazd torem bobslejowym jest \u015bci\u015ble ograniczona <strong><span style=\"color: #000080;\">do godziny 10:30.<\/span><\/strong><\/p>\n<h4><\/h4>\n<blockquote>\n<p style=\"text-align: center;\" data-path-to-node=\"5,0\"><span style=\"color: #000080;\"><b data-path-to-node=\"5,0\" data-index-in-node=\"0\">Wskaz\u00f3wka:<\/b><\/span> <em>Nie przegap tego idealnego pocz\u0105tku dnia! Przyjed\u017a do o\u015brodka wcze\u015bniej, uniknij czekania i rozpocznij swoj\u0105 wycieczk\u0119 od szybkiej i pe\u0142nej zabawy jazdy w bezkonkurencyjnej cenie.<\/em><\/p>\n<\/blockquote>\n<h4 style=\"text-align: center;\"><\/h4>\n<p style=\"text-align: center;\">Dotychczasowa ulubiona atrakcja o\u015brodka przesz\u0142a znacz\u0105c\u0105 metamorfoz\u0119. W ramach modernizacji tras\u0119 wyd\u0142u\u017cono o <span style=\"color: #000080;\"><strong>320 metr\u00f3w<\/strong><\/span> i dodano <span style=\"color: #000080;\"><strong>5 zupe\u0142nie nowych zakr\u0119t\u00f3w.<\/strong><\/span> Ca\u0142kowita d\u0142ugo\u015b\u0107 zrekonstruowanej trasy wynosi teraz imponuj\u0105ce <span style=\"color: #000080;\"><strong>1520 metr\u00f3w,<\/strong><\/span> dzi\u0119ki czemu tor pewnie umacnia sw\u00f3j tytu\u0142 najd\u0142u\u017cszego w ca\u0142ych Tatrach.<\/p>\n<h4><\/h4>\n<p style=\"text-align: center;\">Podczas jazdy odwiedzaj\u0105cy mog\u0105 cieszy\u0107 si\u0119 \u0142\u0105cznie a\u017c <span style=\"color: #000080;\"><strong>20 zakr\u0119tami<\/strong><\/span> i p\u0142ynnie pokonuj\u0105 przewy\u017cszenie <span style=\"color: #000080;\"><strong>147 metr\u00f3w.<\/strong><\/span> Przy maksymalnej osi\u0105ganej pr\u0119dko\u015bci do <span style=\"color: #000080;\"><strong>40 km\/h,<\/strong><\/span> tor oferuje idealny kompromis mi\u0119dzy bezpieczn\u0105 atrakcj\u0105 a spor\u0105 dawk\u0105 g\u00f3rskiej adrenaliny. Poniewa\u017c ka\u017cdy zje\u017cd\u017caj\u0105cy sam reguluje pr\u0119dko\u015b\u0107 za pomoc\u0105 hamulc\u00f3w, przeja\u017cd\u017cka jest odpowiednia zar\u00f3wno dla rodzin z dzie\u0107mi, jak i poszukiwaczy bardziej dynamicznych wra\u017ce\u0144.<\/p>\n<h4 style=\"text-align: center;\"><strong><a class=\"sf-button standard accent default \" href=\"https:\/\/bachledka.skiperformance.com\/pl\/lato\/store#\/pl\/lato\/buy?skugroup_id=5709\" target=\"_blank\" rel=\"noopener noreferrer\"><span class=\"text\">Swoje bilety na Tor Bobslejowy kupisz TUTAJ!<\/span><\/a><\/strong><\/h4>\n<p style=\"text-align: center;\"><span style=\"color: #000080;\"><b>PRZED JAZD\u0104 TOREM BOBSLEJOWYM NALE\u017bY WYPE\u0141NI\u0106 FORMULARZ I OKAZA\u0106 GO W KASIE TORU BOBSLEJOWEGO.<\/b><\/span><\/p>\n<h4><\/h4>\n<p style=\"text-align: center;\"><span style=\"color: #000080;\"><b>Bez wype\u0142nionego formularza przejazd nie jest mo\u017cliwy<\/b><b>.<\/b><\/span><\/p>\n<h4 style=\"text-align: center;\"><a class=\"sf-button standard accent default \" href=\"https:\/\/bachledka.sk\/pl\/formular-horske-kary\" target=\"_blank\" rel=\"noopener noreferrer\"><span class=\"text\"><b data-path-to-node=\"12\" data-index-in-node=\"38\">Formularz znajdziesz TUTAJ!<\/b><\/span><\/a><\/h4>\n<h3 style=\"text-align: center;\"><span style=\"color: #000080;\">Nowy Tor Kulkowy dla ma\u0142ych odkrywc\u00f3w<\/span><\/h3>\n<p style=\"text-align: center;\">Opr\u00f3cz adrenaliny na torze bobslejowym, na to lato o\u015brodek przygotowa\u0142 r\u00f3wnie\u017c <span style=\"color: #000080;\"><strong>nowo\u015b\u0107 specjalnie dla dzieci.<\/strong><\/span> Na grzbiecie Magury Spiskiej, tu\u017c pomi\u0119dzy popularn\u0105 <a href=\"https:\/\/bachledka.sk\/pl\/leto\/sciezka-w-koronach-drzew\" target=\"_blank\" rel=\"noopener noreferrer\">\u015acie\u017ck\u0105 w Koronach Drzew<\/a> a le\u015bnym placem zabaw dla dzieci <a href=\"https:\/\/bachledka.sk\/pl\/leto\/kralovstvo-lesa\" target=\"_blank\" rel=\"noopener noreferrer\">Kr\u00f3lestwo Lasu<\/a>, powsta\u0142 <a href=\"https:\/\/bachledka.sk\/pl\/gulockova-draha\" target=\"_blank\" rel=\"noopener noreferrer\"><span style=\"color: #000080;\"><strong>100-metrowy drewniany Tor Kulkowy.<\/strong><\/span><\/a><\/p>\n<h4><\/h4>\n<p style=\"text-align: center;\"><span style=\"color: #000080;\"><strong>Jest to og\u00f3lnodost\u0119pna atrakcja<\/strong><\/span> pe\u0142na r\u00f3\u017cnorodnych przeszk\u00f3d, zakr\u0119t\u00f3w i ciekawych element\u00f3w. Do zabawy <span style=\"color: #000080;\"><strong>wystarczy kupi\u0107 drewnian\u0105 kulk\u0119 w cenie 2 \u20ac,<\/strong><\/span> kt\u00f3ra jest <strong><span style=\"color: #000080;\">dost\u0119pna w sklepach o\u015brodka lub w specjalnym automacie tu\u017c przy torze.<\/span><\/strong> Dzi\u0119ki niej dzieci w formie zabawy odkrywaj\u0105, jak dzia\u0142a grawitacja, ruch i mechanika, a <span style=\"color: #000080;\"><strong>drewniana kulka pozostanie im na koniec dnia jako mi\u0142a pami\u0105tka z wycieczki.<\/strong><\/span><\/p>\n<h4><\/h4>\n<p style=\"text-align: center;\">Naszym celem by\u0142o dostarczenie odwiedzaj\u0105cym kompleksowych wra\u017ce\u0144. Wyd\u0142u\u017cenie toru bobslejowego gwarantuje \u015bwietn\u0105 dynamik\u0119 dla starszych, podczas gdy nowy Tor Kulkowy potrafi zabawi\u0107 najm\u0142odszych i zamieni\u0107 zwyk\u0142y spacer po grzbiecie w ma\u0142\u0105 przygod\u0119.<\/p>\n<h4><\/h4>\n<p style=\"text-align: center;\"><span style=\"color: #000080;\"><strong>Ulepszony tor bobslejowy i og\u00f3lnodost\u0119pny Tor Kulkowy doskonale uzupe\u0142niaj\u0105 rozwijaj\u0105c\u0105 si\u0119 ofert\u0119 ca\u0142orocznego o\u015brodka BACHLEDKA,<\/strong><\/span> kt\u00f3ry od dawna koncentruje si\u0119 na budowaniu kompleksowej i wysokiej jako\u015bci infrastruktury dla rodzin. Przyjd\u017acie poczu\u0107 wiatr we w\u0142osach i do\u015bwiadczy\u0107 otaczaj\u0105cej przyrody z zupe\u0142nie nowej, szybszej perspektywy.<\/p>\n","protected":false},"excerpt":{"rendered":"<p>Mamy \u015bwietne wiadomo\u015bci dla wszystkich mi\u0142o\u015bnik\u00f3w g\u00f3rskiej adrenaliny i rodzinnej zabawy. Po gruntownej przebudowie, 8 sierpnia 2026 roku uroczy\u015bcie otwarto najd\u0142u\u017cszy tor bobslejowy w Tatrach. Odwiedzaj\u0105cy mog\u0105 liczy\u0107 na jeszcze d\u0142u\u017csz\u0105 i bardziej dynamiczn\u0105 jazd\u0119, pe\u0142n\u0105 niezapomnianych wra\u017ce\u0144. Atrakcj\u0119 t\u0119 uzupe\u0142nia kolejna letnia nowo\u015b\u0107 \u2013 radosny 100-metrowy Tor Kulkowy dla najm\u0142odszych go\u015bci. Specjalna poranna promocja: Przejazd torem bobslejowym tylko za [&hellip;]<\/p>\n","protected":false},"author":10,"featured_media":5921,"comment_status":"closed","ping_status":"closed","sticky":false,"template":"","format":"standard","meta":{"footnotes":""},"categories":[27],"tags":[],"class_list":["post-5924","post","type-post","status-publish","format-standard","has-post-thumbnail","hentry","category-novinky-pl"],"yoast_head":"<!-- This site is optimized with the Yoast SEO plugin v24.6 - https:\/\/yoast.com\/wordpress\/plugins\/seo\/ -->\n<title>Najd\u0142u\u017cszy tor bobslejowy w Tatrach powraca! Otwieramy zrekonstruowan\u0105 adrenalinow\u0105 atrakcj\u0119 i zupe\u0142nie nowy Tor Kulkowy - Chodn\u00edk korunami stromov<\/title>\n<meta name=\"description\" content=\"\u015awietne wiadomo\u015bci dla wszystkich! Po gruntownej przebudowie, 8 sierpnia 2026 roku uroczy\u015bcie otwarto najd\u0142u\u017cszy tor bobslejowy w Tatrach.\" \/>\n<meta name=\"robots\" content=\"index, follow, max-snippet:-1, max-image-preview:large, max-video-preview:-1\" \/>\n<link rel=\"canonical\" href=\"https:\/\/chodnikkorunamistromov.sk\/pl\/najdluzszy-tor-bobslejowy-w-tatrach-powraca-otwieramy-zrekonstruowana-adrenalinowa-atrakcje-i-zupelnie-nowy-tor-kulkowy\/\" \/>\n<meta property=\"og:locale\" content=\"pl_PL\" \/>\n<meta property=\"og:type\" content=\"article\" \/>\n<meta property=\"og:title\" content=\"Najd\u0142u\u017cszy tor bobslejowy w Tatrach powraca! Otwieramy zrekonstruowan\u0105 adrenalinow\u0105 atrakcj\u0119 i zupe\u0142nie nowy Tor Kulkowy - Chodn\u00edk korunami stromov\" \/>\n<meta property=\"og:description\" content=\"\u015awietne wiadomo\u015bci dla wszystkich! Po gruntownej przebudowie, 8 sierpnia 2026 roku uroczy\u015bcie otwarto najd\u0142u\u017cszy tor bobslejowy w Tatrach.\" \/>\n<meta property=\"og:url\" content=\"https:\/\/chodnikkorunamistromov.sk\/pl\/najdluzszy-tor-bobslejowy-w-tatrach-powraca-otwieramy-zrekonstruowana-adrenalinowa-atrakcje-i-zupelnie-nowy-tor-kulkowy\/\" \/>\n<meta property=\"og:site_name\" content=\"Chodn\u00edk korunami stromov\" \/>\n<meta property=\"article:published_time\" content=\"2026-08-14T14:04:07+00:00\" \/>\n<meta property=\"article:modified_time\" content=\"2026-08-18T10:04:57+00:00\" \/>\n<meta property=\"og:image\" content=\"https:\/\/chodnikkorunamistromov.sk\/wp-content\/uploads\/2026\/08\/MRKT-2026-08_znovuotvorenie_bobovej_drahy_web.jpg\" \/>\n\t<meta property=\"og:image:width\" content=\"600\" \/>\n\t<meta property=\"og:image:height\" content=\"280\" \/>\n\t<meta property=\"og:image:type\" content=\"image\/jpeg\" \/>\n<meta name=\"author\" content=\"Jakub \u0160pes\" \/>\n<meta name=\"twitter:card\" content=\"summary_large_image\" \/>\n<meta name=\"twitter:label1\" content=\"Napisane przez\" \/>\n\t<meta name=\"twitter:data1\" content=\"Jakub \u0160pes\" \/>\n\t<meta name=\"twitter:label2\" content=\"Szacowany czas czytania\" \/>\n\t<meta name=\"twitter:data2\" content=\"3 minuty\" \/>\n<script type=\"application\/ld+json\" class=\"yoast-schema-graph\">{\"@context\":\"https:\/\/schema.org\",\"@graph\":[{\"@type\":\"WebPage\",\"@id\":\"https:\/\/chodnikkorunamistromov.sk\/pl\/najdluzszy-tor-bobslejowy-w-tatrach-powraca-otwieramy-zrekonstruowana-adrenalinowa-atrakcje-i-zupelnie-nowy-tor-kulkowy\/\",\"url\":\"https:\/\/chodnikkorunamistromov.sk\/pl\/najdluzszy-tor-bobslejowy-w-tatrach-powraca-otwieramy-zrekonstruowana-adrenalinowa-atrakcje-i-zupelnie-nowy-tor-kulkowy\/\",\"name\":\"Najd\u0142u\u017cszy tor bobslejowy w Tatrach powraca! Otwieramy zrekonstruowan\u0105 adrenalinow\u0105 atrakcj\u0119 i zupe\u0142nie nowy Tor Kulkowy - Chodn\u00edk korunami stromov\",\"isPartOf\":{\"@id\":\"https:\/\/chodnikkorunamistromov.sk\/#website\"},\"primaryImageOfPage\":{\"@id\":\"https:\/\/chodnikkorunamistromov.sk\/pl\/najdluzszy-tor-bobslejowy-w-tatrach-powraca-otwieramy-zrekonstruowana-adrenalinowa-atrakcje-i-zupelnie-nowy-tor-kulkowy\/#primaryimage\"},\"image\":{\"@id\":\"https:\/\/chodnikkorunamistromov.sk\/pl\/najdluzszy-tor-bobslejowy-w-tatrach-powraca-otwieramy-zrekonstruowana-adrenalinowa-atrakcje-i-zupelnie-nowy-tor-kulkowy\/#primaryimage\"},\"thumbnailUrl\":\"https:\/\/chodnikkorunamistromov.sk\/wp-content\/uploads\/2026\/08\/MRKT-2026-08_znovuotvorenie_bobovej_drahy_web.jpg\",\"datePublished\":\"2026-08-14T14:04:07+00:00\",\"dateModified\":\"2026-08-18T10:04:57+00:00\",\"author\":{\"@id\":\"https:\/\/chodnikkorunamistromov.sk\/#\/schema\/person\/ea5d720b34196a93760f351bf91fdf46\"},\"description\":\"\u015awietne wiadomo\u015bci dla wszystkich! Po gruntownej przebudowie, 8 sierpnia 2026 roku uroczy\u015bcie otwarto najd\u0142u\u017cszy tor bobslejowy w Tatrach.\",\"breadcrumb\":{\"@id\":\"https:\/\/chodnikkorunamistromov.sk\/pl\/najdluzszy-tor-bobslejowy-w-tatrach-powraca-otwieramy-zrekonstruowana-adrenalinowa-atrakcje-i-zupelnie-nowy-tor-kulkowy\/#breadcrumb\"},\"inLanguage\":\"pl-PL\",\"potentialAction\":[{\"@type\":\"ReadAction\",\"target\":[\"https:\/\/chodnikkorunamistromov.sk\/pl\/najdluzszy-tor-bobslejowy-w-tatrach-powraca-otwieramy-zrekonstruowana-adrenalinowa-atrakcje-i-zupelnie-nowy-tor-kulkowy\/\"]}]},{\"@type\":\"ImageObject\",\"inLanguage\":\"pl-PL\",\"@id\":\"https:\/\/chodnikkorunamistromov.sk\/pl\/najdluzszy-tor-bobslejowy-w-tatrach-powraca-otwieramy-zrekonstruowana-adrenalinowa-atrakcje-i-zupelnie-nowy-tor-kulkowy\/#primaryimage\",\"url\":\"https:\/\/chodnikkorunamistromov.sk\/wp-content\/uploads\/2026\/08\/MRKT-2026-08_znovuotvorenie_bobovej_drahy_web.jpg\",\"contentUrl\":\"https:\/\/chodnikkorunamistromov.sk\/wp-content\/uploads\/2026\/08\/MRKT-2026-08_znovuotvorenie_bobovej_drahy_web.jpg\",\"width\":600,\"height\":280},{\"@type\":\"BreadcrumbList\",\"@id\":\"https:\/\/chodnikkorunamistromov.sk\/pl\/najdluzszy-tor-bobslejowy-w-tatrach-powraca-otwieramy-zrekonstruowana-adrenalinowa-atrakcje-i-zupelnie-nowy-tor-kulkowy\/#breadcrumb\",\"itemListElement\":[{\"@type\":\"ListItem\",\"position\":1,\"name\":\"Home\",\"item\":\"https:\/\/chodnikkorunamistromov.sk\/pl\/\"},{\"@type\":\"ListItem\",\"position\":2,\"name\":\"Najd\u0142u\u017cszy tor bobslejowy w Tatrach powraca! Otwieramy zrekonstruowan\u0105 adrenalinow\u0105 atrakcj\u0119 i zupe\u0142nie nowy Tor Kulkowy\"}]},{\"@type\":\"WebSite\",\"@id\":\"https:\/\/chodnikkorunamistromov.sk\/#website\",\"url\":\"https:\/\/chodnikkorunamistromov.sk\/\",\"name\":\"Chodn\u00edk korunami stromov\",\"description\":\"Bachledka\",\"potentialAction\":[{\"@type\":\"SearchAction\",\"target\":{\"@type\":\"EntryPoint\",\"urlTemplate\":\"https:\/\/chodnikkorunamistromov.sk\/?s={search_term_string}\"},\"query-input\":{\"@type\":\"PropertyValueSpecification\",\"valueRequired\":true,\"valueName\":\"search_term_string\"}}],\"inLanguage\":\"pl-PL\"},{\"@type\":\"Person\",\"@id\":\"https:\/\/chodnikkorunamistromov.sk\/#\/schema\/person\/ea5d720b34196a93760f351bf91fdf46\",\"name\":\"Jakub \u0160pes\",\"url\":\"https:\/\/chodnikkorunamistromov.sk\/pl\/author\/jakub_spes\/\"}]}<\/script>\n<!-- \/ Yoast SEO plugin. -->","yoast_head_json":{"title":"Najd\u0142u\u017cszy tor bobslejowy w Tatrach powraca! Otwieramy zrekonstruowan\u0105 adrenalinow\u0105 atrakcj\u0119 i zupe\u0142nie nowy Tor Kulkowy - Chodn\u00edk korunami stromov","description":"\u015awietne wiadomo\u015bci dla wszystkich! Po gruntownej przebudowie, 8 sierpnia 2026 roku uroczy\u015bcie otwarto najd\u0142u\u017cszy tor bobslejowy w Tatrach.","robots":{"index":"index","follow":"follow","max-snippet":"max-snippet:-1","max-image-preview":"max-image-preview:large","max-video-preview":"max-video-preview:-1"},"canonical":"https:\/\/chodnikkorunamistromov.sk\/pl\/najdluzszy-tor-bobslejowy-w-tatrach-powraca-otwieramy-zrekonstruowana-adrenalinowa-atrakcje-i-zupelnie-nowy-tor-kulkowy\/","og_locale":"pl_PL","og_type":"article","og_title":"Najd\u0142u\u017cszy tor bobslejowy w Tatrach powraca! Otwieramy zrekonstruowan\u0105 adrenalinow\u0105 atrakcj\u0119 i zupe\u0142nie nowy Tor Kulkowy - Chodn\u00edk korunami stromov","og_description":"\u015awietne wiadomo\u015bci dla wszystkich! Po gruntownej przebudowie, 8 sierpnia 2026 roku uroczy\u015bcie otwarto najd\u0142u\u017cszy tor bobslejowy w Tatrach.","og_url":"https:\/\/chodnikkorunamistromov.sk\/pl\/najdluzszy-tor-bobslejowy-w-tatrach-powraca-otwieramy-zrekonstruowana-adrenalinowa-atrakcje-i-zupelnie-nowy-tor-kulkowy\/","og_site_name":"Chodn\u00edk korunami stromov","article_published_time":"2026-08-14T14:04:07+00:00","article_modified_time":"2026-08-18T10:04:57+00:00","og_image":[{"width":600,"height":280,"url":"https:\/\/chodnikkorunamistromov.sk\/wp-content\/uploads\/2026\/08\/MRKT-2026-08_znovuotvorenie_bobovej_drahy_web.jpg","type":"image\/jpeg"}],"author":"Jakub \u0160pes","twitter_card":"summary_large_image","twitter_misc":{"Napisane przez":"Jakub \u0160pes","Szacowany czas czytania":"3 minuty"},"schema":{"@context":"https:\/\/schema.org","@graph":[{"@type":"WebPage","@id":"https:\/\/chodnikkorunamistromov.sk\/pl\/najdluzszy-tor-bobslejowy-w-tatrach-powraca-otwieramy-zrekonstruowana-adrenalinowa-atrakcje-i-zupelnie-nowy-tor-kulkowy\/","url":"https:\/\/chodnikkorunamistromov.sk\/pl\/najdluzszy-tor-bobslejowy-w-tatrach-powraca-otwieramy-zrekonstruowana-adrenalinowa-atrakcje-i-zupelnie-nowy-tor-kulkowy\/","name":"Najd\u0142u\u017cszy tor bobslejowy w Tatrach powraca! Otwieramy zrekonstruowan\u0105 adrenalinow\u0105 atrakcj\u0119 i zupe\u0142nie nowy Tor Kulkowy - Chodn\u00edk korunami stromov","isPartOf":{"@id":"https:\/\/chodnikkorunamistromov.sk\/#website"},"primaryImageOfPage":{"@id":"https:\/\/chodnikkorunamistromov.sk\/pl\/najdluzszy-tor-bobslejowy-w-tatrach-powraca-otwieramy-zrekonstruowana-adrenalinowa-atrakcje-i-zupelnie-nowy-tor-kulkowy\/#primaryimage"},"image":{"@id":"https:\/\/chodnikkorunamistromov.sk\/pl\/najdluzszy-tor-bobslejowy-w-tatrach-powraca-otwieramy-zrekonstruowana-adrenalinowa-atrakcje-i-zupelnie-nowy-tor-kulkowy\/#primaryimage"},"thumbnailUrl":"https:\/\/chodnikkorunamistromov.sk\/wp-content\/uploads\/2026\/08\/MRKT-2026-08_znovuotvorenie_bobovej_drahy_web.jpg","datePublished":"2026-08-14T14:04:07+00:00","dateModified":"2026-08-18T10:04:57+00:00","author":{"@id":"https:\/\/chodnikkorunamistromov.sk\/#\/schema\/person\/ea5d720b34196a93760f351bf91fdf46"},"description":"\u015awietne wiadomo\u015bci dla wszystkich! Po gruntownej przebudowie, 8 sierpnia 2026 roku uroczy\u015bcie otwarto najd\u0142u\u017cszy tor bobslejowy w Tatrach.","breadcrumb":{"@id":"https:\/\/chodnikkorunamistromov.sk\/pl\/najdluzszy-tor-bobslejowy-w-tatrach-powraca-otwieramy-zrekonstruowana-adrenalinowa-atrakcje-i-zupelnie-nowy-tor-kulkowy\/#breadcrumb"},"inLanguage":"pl-PL","potentialAction":[{"@type":"ReadAction","target":["https:\/\/chodnikkorunamistromov.sk\/pl\/najdluzszy-tor-bobslejowy-w-tatrach-powraca-otwieramy-zrekonstruowana-adrenalinowa-atrakcje-i-zupelnie-nowy-tor-kulkowy\/"]}]},{"@type":"ImageObject","inLanguage":"pl-PL","@id":"https:\/\/chodnikkorunamistromov.sk\/pl\/najdluzszy-tor-bobslejowy-w-tatrach-powraca-otwieramy-zrekonstruowana-adrenalinowa-atrakcje-i-zupelnie-nowy-tor-kulkowy\/#primaryimage","url":"https:\/\/chodnikkorunamistromov.sk\/wp-content\/uploads\/2026\/08\/MRKT-2026-08_znovuotvorenie_bobovej_drahy_web.jpg","contentUrl":"https:\/\/chodnikkorunamistromov.sk\/wp-content\/uploads\/2026\/08\/MRKT-2026-08_znovuotvorenie_bobovej_drahy_web.jpg","width":600,"height":280},{"@type":"BreadcrumbList","@id":"https:\/\/chodnikkorunamistromov.sk\/pl\/najdluzszy-tor-bobslejowy-w-tatrach-powraca-otwieramy-zrekonstruowana-adrenalinowa-atrakcje-i-zupelnie-nowy-tor-kulkowy\/#breadcrumb","itemListElement":[{"@type":"ListItem","position":1,"name":"Home","item":"https:\/\/chodnikkorunamistromov.sk\/pl\/"},{"@type":"ListItem","position":2,"name":"Najd\u0142u\u017cszy tor bobslejowy w Tatrach powraca! Otwieramy zrekonstruowan\u0105 adrenalinow\u0105 atrakcj\u0119 i zupe\u0142nie nowy Tor Kulkowy"}]},{"@type":"WebSite","@id":"https:\/\/chodnikkorunamistromov.sk\/#website","url":"https:\/\/chodnikkorunamistromov.sk\/","name":"Chodn\u00edk korunami stromov","description":"Bachledka","potentialAction":[{"@type":"SearchAction","target":{"@type":"EntryPoint","urlTemplate":"https:\/\/chodnikkorunamistromov.sk\/?s={search_term_string}"},"query-input":{"@type":"PropertyValueSpecification","valueRequired":true,"valueName":"search_term_string"}}],"inLanguage":"pl-PL"},{"@type":"Person","@id":"https:\/\/chodnikkorunamistromov.sk\/#\/schema\/person\/ea5d720b34196a93760f351bf91fdf46","name":"Jakub \u0160pes","url":"https:\/\/chodnikkorunamistromov.sk\/pl\/author\/jakub_spes\/"}]}},"_links":{"self":[{"href":"https:\/\/chodnikkorunamistromov.sk\/pl\/wp-json\/wp\/v2\/posts\/5924","targetHints":{"allow":["GET"]}}],"collection":[{"href":"https:\/\/chodnikkorunamistromov.sk\/pl\/wp-json\/wp\/v2\/posts"}],"about":[{"href":"https:\/\/chodnikkorunamistromov.sk\/pl\/wp-json\/wp\/v2\/types\/post"}],"author":[{"embeddable":true,"href":"https:\/\/chodnikkorunamistromov.sk\/pl\/wp-json\/wp\/v2\/users\/10"}],"replies":[{"embeddable":true,"href":"https:\/\/chodnikkorunamistromov.sk\/pl\/wp-json\/wp\/v2\/comments?post=5924"}],"version-history":[{"count":5,"href":"https:\/\/chodnikkorunamistromov.sk\/pl\/wp-json\/wp\/v2\/posts\/5924\/revisions"}],"predecessor-version":[{"id":5950,"href":"https:\/\/chodnikkorunamistromov.sk\/pl\/wp-json\/wp\/v2\/posts\/5924\/revisions\/5950"}],"wp:featuredmedia":[{"embeddable":true,"href":"https:\/\/chodnikkorunamistromov.sk\/pl\/wp-json\/wp\/v2\/media\/5921"}],"wp:attachment":[{"href":"https:\/\/chodnikkorunamistromov.sk\/pl\/wp-json\/wp\/v2\/media?parent=5924"}],"wp:term":[{"taxonomy":"category","embeddable":true,"href":"https:\/\/chodnikkorunamistromov.sk\/pl\/wp-json\/wp\/v2\/categories?post=5924"},{"taxonomy":"post_tag","embeddable":true,"href":"https:\/\/chodnikkorunamistromov.sk\/pl\/wp-json\/wp\/v2\/tags?post=5924"}],"curies":[{"name":"wp","href":"https:\/\/api.w.org\/{rel}","templated":true}]}}