{"id":5957,"date":"2026-09-04T10:14:35","date_gmt":"2026-09-04T08:14:35","guid":{"rendered":"https:\/\/chodnikkorunamistromov.sk\/vrazedne-psyche-nazivo-v-bachledke-17-10-2026\/"},"modified":"2026-09-04T13:38:49","modified_gmt":"2026-09-04T11:38:49","slug":"vrazedne-psyche-nazivo-v-bachledke-17-10-2026","status":"publish","type":"post","link":"https:\/\/chodnikkorunamistromov.sk\/pl\/vrazedne-psyche-nazivo-v-bachledke-17-10-2026\/","title":{"rendered":"Vra\u017eedn\u00e9 Psych\u00e9 #na\u017cywo w BACHLEDCE &#8211; 17.10.2026"},"content":{"rendered":"<h3 style=\"text-align: center;\"><span style=\"color: #000080;\">Najch\u0119tniej s\u0142uchany s\u0142owacki podcast kryminalny VRA\u017dEDN\u00c9 PSYCH\u00c9 #na\u017cywo w Bachledce!<\/span><\/h3>\n<p style=\"text-align: center;\">W sobot\u0119 <span style=\"color: #000080;\"><strong>17 pa\u017adziernika<\/strong><\/span> przygotujcie si\u0119 na wyj\u0105tkowe prze\u017cycie audiowizualne! <span style=\"color: #000080;\"><strong data-start=\"334\" data-end=\"353\">VRA\u017dEDN\u00c9 PSYCH\u00c9<\/strong><\/span> w niezwyk\u0142ym otoczeniu Tatr Bielskich w Bachledce.<\/p>\n<h4><\/h4>\n<p style=\"text-align: center;\"><span style=\"color: #000080;\"><strong>Mro\u017c\u0105ce krew w \u017cy\u0142ach tajemnice, kt\u00f3re si\u0119gaj\u0105 a\u017c po korony drzew\u2026<\/strong><\/span><\/p>\n<h4><\/h4>\n<p style=\"text-align: center;\"><span style=\"color: #000080;\"><strong data-start=\"478\" data-end=\"497\">VRA\u017dEDN\u00c9 PSYCH\u00c9<\/strong><\/span> to popularny projekt podcastowy, kt\u00f3ry odkrywa mroczne zakamarki umys\u0142\u00f3w seryjnych morderc\u00f3w. Zajrzyjcie z nami za kulisy ohydnych czyn\u00f3w sprawc\u00f3w w formie epickiego dokumentu, tak jak znacie to z podcast\u00f3w \u2013 ale tym razem <span style=\"color: #000080;\"><strong data-start=\"724\" data-end=\"736\">NA \u017bYWO!<\/strong><\/span> Mroczn\u0105 atmosfer\u0119 pot\u0119guje wci\u0105gaj\u0105ca oprawa wizualna, kt\u00f3ra wci\u0105gnie Was w sam \u015brodek akcji.<\/p>\n<h4><\/h4>\n<p style=\"text-align: center;\">Historie poszczeg\u00f3lnych spraw o\u017cyj\u0105 w dramatycznej opowie\u015bci wyst\u0119puj\u0105cych. <span style=\"color: #000080;\"><strong>Psychik\u0119 sprawcy b\u0119dziemy analizowa\u0107 ze specjalnymi go\u015b\u0107mi.<\/strong><\/span> Opr\u00f3cz dog\u0142\u0119bnej analizy ca\u0142ej sprawy, b\u0119dziecie mieli okazj\u0119 spojrze\u0107 na ni\u0105 z perspektywy ekspert\u00f3w.<\/p>\n<h4><\/h4>\n<p style=\"text-align: center;\">Przyjd\u017acie zanurzy\u0107 si\u0119 w najciemniejszych zakamarkach ludzkiego umys\u0142u pod <span style=\"color: #000080;\"><strong data-start=\"1224\" data-end=\"1252\">\u015acie\u017ck\u0105 w Koronach Drzew<\/strong>,<\/span> w scenerii majestatycznych tatrza\u0144skich szczyt\u00f3w. Spotkamy si\u0119 w <span style=\"color: #000080;\"><strong data-start=\"1311\" data-end=\"1335\">Restauracji PANORAMA<\/strong><\/span> na szczycie Magury Spiskiej <span style=\"color: #000080;\"><strong>o 17:00.<\/strong><\/span><\/p>\n<h4><\/h4>\n<p style=\"text-align: center;\"><strong><a class=\"sf-button standard accent default\" href=\"https:\/\/www.zabavavpodcastoch.sk\/event-detail\/6a840e60b56efddda7405e73\/\" target=\"_blank\" rel=\"noopener noreferrer\"><span class=\"text\">Bilety w przedsprzeda\u017cy na ZAPOTOUR.SK!<\/span><\/a><\/strong><\/p>\n<h4><\/h4>\n<p style=\"text-align: center;\"><span style=\"color: #000080;\"><strong>Po udanych poprzednich edycjach zalecamy jak najszybszy zakup biletu. Liczba miejsc jest ograniczona!<\/strong><\/span><\/p>\n<h4><\/h4>\n<h3 style=\"text-align: center;\"><span style=\"color: #000080;\">Informacje praktyczne:<\/span><\/h3>\n<p style=\"text-align: center;\"><span style=\"color: #000080;\"><strong>\u2022 Liczba bilet\u00f3w jest OGRANICZONA!<\/strong><\/span><\/p>\n<h4><\/h4>\n<p style=\"text-align: center;\"><span style=\"color: #000080;\"><strong>\u2022 <\/strong><\/span>W ci\u0105gu dnia o\u015brodek funkcjonuje zgodnie ze standardowymi godzinami otwarcia. <span style=\"color: #000080;\"><strong>Kolejka linowa b\u0119dzie dodatkowo kursowa\u0107<\/strong><\/span> przed wydarzeniem <span style=\"color: #000080;\"><strong>od godz. 16:00 do 17:00<\/strong><\/span> oraz po jego zako\u0144czeniu <span style=\"color: #000080;\"><strong>od godz. 18:30 do 19:00<\/strong>.<\/span><\/p>\n<h4><\/h4>\n<p style=\"text-align: center;\"><span style=\"color: #000080;\"><strong>\u2022 W cen\u0119 zakupionego biletu wliczony jest przejazd kolejk\u0105 linow\u0105 w obie strony. <\/strong><\/span>Bilet na kolejk\u0119 jest wa\u017cny tylko w dniu wydarzenia (17.10.2026 r.) w godzinach otwarcia o\u015brodka oraz w czasie trwania imprezy. Obejmuje on 1x wjazd kolejk\u0105 z Doliny Bachledzkiej na grzbiet Magury Spiskiej i 1x zjazd z grzbietu Magury Spiskiej do Doliny Bachledzkiej.<\/p>\n<p>&nbsp;<\/p>\n<p style=\"text-align: center;\"><span style=\"color: #000080;\"><strong>\u2022 Ostatnie wej\u015bcie na \u015acie\u017ck\u0119 w Koronach Drzew jest mo\u017cliwe o godz. 15:00.<\/strong><\/span><\/p>\n<p>&nbsp;<\/p>\n<p><img loading=\"lazy\" decoding=\"async\" class=\"aligncenter wp-image-49780 size-full\" src=\"https:\/\/bachledka.sk\/wp-content\/uploads\/2025\/08\/2026-10-17_Vrazedne_psyche_1080x1350.jpg\" alt=\"\" width=\"865\" height=\"1080\" \/><\/p>\n","protected":false},"excerpt":{"rendered":"<p>Najch\u0119tniej s\u0142uchany s\u0142owacki podcast kryminalny VRA\u017dEDN\u00c9 PSYCH\u00c9 #na\u017cywo w Bachledce! W sobot\u0119 17 pa\u017adziernika przygotujcie si\u0119 na wyj\u0105tkowe prze\u017cycie audiowizualne! VRA\u017dEDN\u00c9 PSYCH\u00c9 w niezwyk\u0142ym otoczeniu Tatr Bielskich w Bachledce. Mro\u017c\u0105ce krew w \u017cy\u0142ach tajemnice, kt\u00f3re si\u0119gaj\u0105 a\u017c po korony drzew\u2026 VRA\u017dEDN\u00c9 PSYCH\u00c9 to popularny projekt podcastowy, kt\u00f3ry odkrywa mroczne zakamarki umys\u0142\u00f3w seryjnych morderc\u00f3w. Zajrzyjcie z nami za kulisy ohydnych czyn\u00f3w [&hellip;]<\/p>\n","protected":false},"author":4,"featured_media":5954,"comment_status":"closed","ping_status":"closed","sticky":false,"template":"","format":"standard","meta":{"footnotes":""},"categories":[27],"tags":[],"class_list":["post-5957","post","type-post","status-publish","format-standard","has-post-thumbnail","hentry","category-novinky-pl"],"yoast_head":"<!-- This site is optimized with the Yoast SEO plugin v24.6 - https:\/\/yoast.com\/wordpress\/plugins\/seo\/ -->\n<title>Vra\u017eedn\u00e9 Psych\u00e9 #na\u017cywo w BACHLEDCE - 17.10.2026 - Chodn\u00edk korunami stromov<\/title>\n<meta name=\"robots\" content=\"index, follow, max-snippet:-1, max-image-preview:large, max-video-preview:-1\" \/>\n<link rel=\"canonical\" href=\"https:\/\/chodnikkorunamistromov.sk\/pl\/vrazedne-psyche-nazivo-v-bachledke-17-10-2026\/\" \/>\n<meta property=\"og:locale\" content=\"pl_PL\" \/>\n<meta property=\"og:type\" content=\"article\" \/>\n<meta property=\"og:title\" content=\"Vra\u017eedn\u00e9 Psych\u00e9 #na\u017cywo w BACHLEDCE - 17.10.2026 - Chodn\u00edk korunami stromov\" \/>\n<meta property=\"og:description\" content=\"Najch\u0119tniej s\u0142uchany s\u0142owacki podcast kryminalny VRA\u017dEDN\u00c9 PSYCH\u00c9 #na\u017cywo w Bachledce! W sobot\u0119 17 pa\u017adziernika przygotujcie si\u0119 na wyj\u0105tkowe prze\u017cycie audiowizualne! VRA\u017dEDN\u00c9 PSYCH\u00c9 w niezwyk\u0142ym otoczeniu Tatr Bielskich w Bachledce. Mro\u017c\u0105ce krew w \u017cy\u0142ach tajemnice, kt\u00f3re si\u0119gaj\u0105 a\u017c po korony drzew\u2026 VRA\u017dEDN\u00c9 PSYCH\u00c9 to popularny projekt podcastowy, kt\u00f3ry odkrywa mroczne zakamarki umys\u0142\u00f3w seryjnych morderc\u00f3w. Zajrzyjcie z nami za kulisy ohydnych czyn\u00f3w [&hellip;]\" \/>\n<meta property=\"og:url\" content=\"https:\/\/chodnikkorunamistromov.sk\/pl\/vrazedne-psyche-nazivo-v-bachledke-17-10-2026\/\" \/>\n<meta property=\"og:site_name\" content=\"Chodn\u00edk korunami stromov\" \/>\n<meta property=\"article:published_time\" content=\"2026-09-04T08:14:35+00:00\" \/>\n<meta property=\"article:modified_time\" content=\"2026-09-04T11:38:49+00:00\" \/>\n<meta property=\"og:image\" content=\"https:\/\/chodnikkorunamistromov.sk\/wp-content\/uploads\/2026\/09\/2026-10-17_Vrazene_psyche_web.jpg\" \/>\n\t<meta property=\"og:image:width\" content=\"601\" \/>\n\t<meta property=\"og:image:height\" content=\"281\" \/>\n\t<meta property=\"og:image:type\" content=\"image\/jpeg\" \/>\n<meta name=\"author\" content=\"Martina M\u00fadra\" \/>\n<meta name=\"twitter:card\" content=\"summary_large_image\" \/>\n<meta name=\"twitter:label1\" content=\"Napisane przez\" \/>\n\t<meta name=\"twitter:data1\" content=\"Martina M\u00fadra\" \/>\n\t<meta name=\"twitter:label2\" content=\"Szacowany czas czytania\" \/>\n\t<meta name=\"twitter:data2\" content=\"2 minuty\" \/>\n<script type=\"application\/ld+json\" class=\"yoast-schema-graph\">{\"@context\":\"https:\/\/schema.org\",\"@graph\":[{\"@type\":\"WebPage\",\"@id\":\"https:\/\/chodnikkorunamistromov.sk\/pl\/vrazedne-psyche-nazivo-v-bachledke-17-10-2026\/\",\"url\":\"https:\/\/chodnikkorunamistromov.sk\/pl\/vrazedne-psyche-nazivo-v-bachledke-17-10-2026\/\",\"name\":\"Vra\u017eedn\u00e9 Psych\u00e9 #na\u017cywo w BACHLEDCE - 17.10.2026 - Chodn\u00edk korunami stromov\",\"isPartOf\":{\"@id\":\"https:\/\/chodnikkorunamistromov.sk\/#website\"},\"primaryImageOfPage\":{\"@id\":\"https:\/\/chodnikkorunamistromov.sk\/pl\/vrazedne-psyche-nazivo-v-bachledke-17-10-2026\/#primaryimage\"},\"image\":{\"@id\":\"https:\/\/chodnikkorunamistromov.sk\/pl\/vrazedne-psyche-nazivo-v-bachledke-17-10-2026\/#primaryimage\"},\"thumbnailUrl\":\"https:\/\/chodnikkorunamistromov.sk\/wp-content\/uploads\/2026\/09\/2026-10-17_Vrazene_psyche_web.jpg\",\"datePublished\":\"2026-09-04T08:14:35+00:00\",\"dateModified\":\"2026-09-04T11:38:49+00:00\",\"author\":{\"@id\":\"https:\/\/chodnikkorunamistromov.sk\/#\/schema\/person\/ac72ed150cfe1d40ed4b0f0e5c74a9ca\"},\"breadcrumb\":{\"@id\":\"https:\/\/chodnikkorunamistromov.sk\/pl\/vrazedne-psyche-nazivo-v-bachledke-17-10-2026\/#breadcrumb\"},\"inLanguage\":\"pl-PL\",\"potentialAction\":[{\"@type\":\"ReadAction\",\"target\":[\"https:\/\/chodnikkorunamistromov.sk\/pl\/vrazedne-psyche-nazivo-v-bachledke-17-10-2026\/\"]}]},{\"@type\":\"ImageObject\",\"inLanguage\":\"pl-PL\",\"@id\":\"https:\/\/chodnikkorunamistromov.sk\/pl\/vrazedne-psyche-nazivo-v-bachledke-17-10-2026\/#primaryimage\",\"url\":\"https:\/\/chodnikkorunamistromov.sk\/wp-content\/uploads\/2026\/09\/2026-10-17_Vrazene_psyche_web.jpg\",\"contentUrl\":\"https:\/\/chodnikkorunamistromov.sk\/wp-content\/uploads\/2026\/09\/2026-10-17_Vrazene_psyche_web.jpg\",\"width\":601,\"height\":281},{\"@type\":\"BreadcrumbList\",\"@id\":\"https:\/\/chodnikkorunamistromov.sk\/pl\/vrazedne-psyche-nazivo-v-bachledke-17-10-2026\/#breadcrumb\",\"itemListElement\":[{\"@type\":\"ListItem\",\"position\":1,\"name\":\"Home\",\"item\":\"https:\/\/chodnikkorunamistromov.sk\/pl\/\"},{\"@type\":\"ListItem\",\"position\":2,\"name\":\"Vra\u017eedn\u00e9 Psych\u00e9 #na\u017cywo w BACHLEDCE &#8211; 17.10.2026\"}]},{\"@type\":\"WebSite\",\"@id\":\"https:\/\/chodnikkorunamistromov.sk\/#website\",\"url\":\"https:\/\/chodnikkorunamistromov.sk\/\",\"name\":\"Chodn\u00edk korunami stromov\",\"description\":\"Bachledka\",\"potentialAction\":[{\"@type\":\"SearchAction\",\"target\":{\"@type\":\"EntryPoint\",\"urlTemplate\":\"https:\/\/chodnikkorunamistromov.sk\/?s={search_term_string}\"},\"query-input\":{\"@type\":\"PropertyValueSpecification\",\"valueRequired\":true,\"valueName\":\"search_term_string\"}}],\"inLanguage\":\"pl-PL\"},{\"@type\":\"Person\",\"@id\":\"https:\/\/chodnikkorunamistromov.sk\/#\/schema\/person\/ac72ed150cfe1d40ed4b0f0e5c74a9ca\",\"name\":\"Martina M\u00fadra\",\"url\":\"https:\/\/chodnikkorunamistromov.sk\/pl\/author\/martina\/\"}]}<\/script>\n<!-- \/ Yoast SEO plugin. -->","yoast_head_json":{"title":"Vra\u017eedn\u00e9 Psych\u00e9 #na\u017cywo w BACHLEDCE - 17.10.2026 - Chodn\u00edk korunami stromov","robots":{"index":"index","follow":"follow","max-snippet":"max-snippet:-1","max-image-preview":"max-image-preview:large","max-video-preview":"max-video-preview:-1"},"canonical":"https:\/\/chodnikkorunamistromov.sk\/pl\/vrazedne-psyche-nazivo-v-bachledke-17-10-2026\/","og_locale":"pl_PL","og_type":"article","og_title":"Vra\u017eedn\u00e9 Psych\u00e9 #na\u017cywo w BACHLEDCE - 17.10.2026 - Chodn\u00edk korunami stromov","og_description":"Najch\u0119tniej s\u0142uchany s\u0142owacki podcast kryminalny VRA\u017dEDN\u00c9 PSYCH\u00c9 #na\u017cywo w Bachledce! W sobot\u0119 17 pa\u017adziernika przygotujcie si\u0119 na wyj\u0105tkowe prze\u017cycie audiowizualne! VRA\u017dEDN\u00c9 PSYCH\u00c9 w niezwyk\u0142ym otoczeniu Tatr Bielskich w Bachledce. Mro\u017c\u0105ce krew w \u017cy\u0142ach tajemnice, kt\u00f3re si\u0119gaj\u0105 a\u017c po korony drzew\u2026 VRA\u017dEDN\u00c9 PSYCH\u00c9 to popularny projekt podcastowy, kt\u00f3ry odkrywa mroczne zakamarki umys\u0142\u00f3w seryjnych morderc\u00f3w. Zajrzyjcie z nami za kulisy ohydnych czyn\u00f3w [&hellip;]","og_url":"https:\/\/chodnikkorunamistromov.sk\/pl\/vrazedne-psyche-nazivo-v-bachledke-17-10-2026\/","og_site_name":"Chodn\u00edk korunami stromov","article_published_time":"2026-09-04T08:14:35+00:00","article_modified_time":"2026-09-04T11:38:49+00:00","og_image":[{"width":601,"height":281,"url":"https:\/\/chodnikkorunamistromov.sk\/wp-content\/uploads\/2026\/09\/2026-10-17_Vrazene_psyche_web.jpg","type":"image\/jpeg"}],"author":"Martina M\u00fadra","twitter_card":"summary_large_image","twitter_misc":{"Napisane przez":"Martina M\u00fadra","Szacowany czas czytania":"2 minuty"},"schema":{"@context":"https:\/\/schema.org","@graph":[{"@type":"WebPage","@id":"https:\/\/chodnikkorunamistromov.sk\/pl\/vrazedne-psyche-nazivo-v-bachledke-17-10-2026\/","url":"https:\/\/chodnikkorunamistromov.sk\/pl\/vrazedne-psyche-nazivo-v-bachledke-17-10-2026\/","name":"Vra\u017eedn\u00e9 Psych\u00e9 #na\u017cywo w BACHLEDCE - 17.10.2026 - Chodn\u00edk korunami stromov","isPartOf":{"@id":"https:\/\/chodnikkorunamistromov.sk\/#website"},"primaryImageOfPage":{"@id":"https:\/\/chodnikkorunamistromov.sk\/pl\/vrazedne-psyche-nazivo-v-bachledke-17-10-2026\/#primaryimage"},"image":{"@id":"https:\/\/chodnikkorunamistromov.sk\/pl\/vrazedne-psyche-nazivo-v-bachledke-17-10-2026\/#primaryimage"},"thumbnailUrl":"https:\/\/chodnikkorunamistromov.sk\/wp-content\/uploads\/2026\/09\/2026-10-17_Vrazene_psyche_web.jpg","datePublished":"2026-09-04T08:14:35+00:00","dateModified":"2026-09-04T11:38:49+00:00","author":{"@id":"https:\/\/chodnikkorunamistromov.sk\/#\/schema\/person\/ac72ed150cfe1d40ed4b0f0e5c74a9ca"},"breadcrumb":{"@id":"https:\/\/chodnikkorunamistromov.sk\/pl\/vrazedne-psyche-nazivo-v-bachledke-17-10-2026\/#breadcrumb"},"inLanguage":"pl-PL","potentialAction":[{"@type":"ReadAction","target":["https:\/\/chodnikkorunamistromov.sk\/pl\/vrazedne-psyche-nazivo-v-bachledke-17-10-2026\/"]}]},{"@type":"ImageObject","inLanguage":"pl-PL","@id":"https:\/\/chodnikkorunamistromov.sk\/pl\/vrazedne-psyche-nazivo-v-bachledke-17-10-2026\/#primaryimage","url":"https:\/\/chodnikkorunamistromov.sk\/wp-content\/uploads\/2026\/09\/2026-10-17_Vrazene_psyche_web.jpg","contentUrl":"https:\/\/chodnikkorunamistromov.sk\/wp-content\/uploads\/2026\/09\/2026-10-17_Vrazene_psyche_web.jpg","width":601,"height":281},{"@type":"BreadcrumbList","@id":"https:\/\/chodnikkorunamistromov.sk\/pl\/vrazedne-psyche-nazivo-v-bachledke-17-10-2026\/#breadcrumb","itemListElement":[{"@type":"ListItem","position":1,"name":"Home","item":"https:\/\/chodnikkorunamistromov.sk\/pl\/"},{"@type":"ListItem","position":2,"name":"Vra\u017eedn\u00e9 Psych\u00e9 #na\u017cywo w BACHLEDCE &#8211; 17.10.2026"}]},{"@type":"WebSite","@id":"https:\/\/chodnikkorunamistromov.sk\/#website","url":"https:\/\/chodnikkorunamistromov.sk\/","name":"Chodn\u00edk korunami stromov","description":"Bachledka","potentialAction":[{"@type":"SearchAction","target":{"@type":"EntryPoint","urlTemplate":"https:\/\/chodnikkorunamistromov.sk\/?s={search_term_string}"},"query-input":{"@type":"PropertyValueSpecification","valueRequired":true,"valueName":"search_term_string"}}],"inLanguage":"pl-PL"},{"@type":"Person","@id":"https:\/\/chodnikkorunamistromov.sk\/#\/schema\/person\/ac72ed150cfe1d40ed4b0f0e5c74a9ca","name":"Martina M\u00fadra","url":"https:\/\/chodnikkorunamistromov.sk\/pl\/author\/martina\/"}]}},"_links":{"self":[{"href":"https:\/\/chodnikkorunamistromov.sk\/pl\/wp-json\/wp\/v2\/posts\/5957","targetHints":{"allow":["GET"]}}],"collection":[{"href":"https:\/\/chodnikkorunamistromov.sk\/pl\/wp-json\/wp\/v2\/posts"}],"about":[{"href":"https:\/\/chodnikkorunamistromov.sk\/pl\/wp-json\/wp\/v2\/types\/post"}],"author":[{"embeddable":true,"href":"https:\/\/chodnikkorunamistromov.sk\/pl\/wp-json\/wp\/v2\/users\/4"}],"replies":[{"embeddable":true,"href":"https:\/\/chodnikkorunamistromov.sk\/pl\/wp-json\/wp\/v2\/comments?post=5957"}],"version-history":[{"count":2,"href":"https:\/\/chodnikkorunamistromov.sk\/pl\/wp-json\/wp\/v2\/posts\/5957\/revisions"}],"predecessor-version":[{"id":5961,"href":"https:\/\/chodnikkorunamistromov.sk\/pl\/wp-json\/wp\/v2\/posts\/5957\/revisions\/5961"}],"wp:featuredmedia":[{"embeddable":true,"href":"https:\/\/chodnikkorunamistromov.sk\/pl\/wp-json\/wp\/v2\/media\/5954"}],"wp:attachment":[{"href":"https:\/\/chodnikkorunamistromov.sk\/pl\/wp-json\/wp\/v2\/media?parent=5957"}],"wp:term":[{"taxonomy":"category","embeddable":true,"href":"https:\/\/chodnikkorunamistromov.sk\/pl\/wp-json\/wp\/v2\/categories?post=5957"},{"taxonomy":"post_tag","embeddable":true,"href":"https:\/\/chodnikkorunamistromov.sk\/pl\/wp-json\/wp\/v2\/tags?post=5957"}],"curies":[{"name":"wp","href":"https:\/\/api.w.org\/{rel}","templated":true}]}}